{"id":1258,"date":"2024-01-04T21:17:11","date_gmt":"2024-01-04T20:17:11","guid":{"rendered":"https:\/\/hoergeschaedigte-ulm.de\/?p=1258"},"modified":"2024-01-04T21:20:37","modified_gmt":"2024-01-04T20:20:37","slug":"barrierefreies-kino-greta","status":"publish","type":"post","link":"https:\/\/hoergeschaedigte-ulm.de\/?p=1258","title":{"rendered":"Barrierefreies Kino: Greta"},"content":{"rendered":"\n<p>Es ist ein wichtiger Schritt im Zuge der Barrierefreiheit und der Inklusion. In den arthaus kinos ulm und im Dietrich Theater Neu-Ulm schreiben wir dies schon immer gro\u00df und versuchen allen Menschen den Weg in unsere Kinos m\u00f6glichst leicht zu machen. Nun freuen wir uns, dass wir den uneingeschr\u00e4nkten Filmgenuss auch Menschen mit H\u00f6r- oder Sehbeeintr\u00e4chtigungen bieten k\u00f6nnen. M\u00f6glich macht dies die kostenlose Offline-App \u201eGreta\u201c.<\/p>\n\n\n\n<p>F\u00fcr Android: <a href=\"https:\/\/play.google.com\/store\/apps\/details?id=de.debesefilm.greta&amp;pcampaignid=web_share\" target=\"_blank\" rel=\"noreferrer noopener\">https:\/\/play.google.com\/store\/apps\/details?id=de.debesefilm.greta&amp;pcampaignid=web_share<\/a><\/p>\n\n\n\n<p>F\u00fcr Apple: <a href=\"https:\/\/apps.apple.com\/de\/app\/greta\/id793892423\" target=\"_blank\" rel=\"noreferrer noopener\">https:\/\/apps.apple.com\/de\/app\/greta\/id793892423<\/a><\/p>\n\n\n\n<p>Quelle: <a href=\"https:\/\/www.cineplex.de\/event\/20213\/\">https:\/\/www.cineplex.de\/event\/20213\/<\/a><\/p>\n","protected":false},"excerpt":{"rendered":"<p>Es ist ein wichtiger Schritt im Zuge der Barrierefreiheit und der Inklusion. In den arthaus kinos ulm und im Dietrich Theater Neu-Ulm schreiben wir dies schon immer gro\u00df und versuchen &hellip; <a href=\"https:\/\/hoergeschaedigte-ulm.de\/?p=1258\" class=\"more-link\"><span class=\"screen-reader-text\">\u201eBarrierefreies Kino: Greta\u201c <\/span>weiterlesen<\/a><\/p>\n","protected":false},"author":1,"featured_media":1259,"comment_status":"closed","ping_status":"closed","sticky":true,"template":"","format":"standard","meta":{"footnotes":""},"categories":[1],"tags":[],"class_list":["post-1258","post","type-post","status-publish","format-standard","has-post-thumbnail","hentry","category-uncategorized"],"_links":{"self":[{"href":"https:\/\/hoergeschaedigte-ulm.de\/index.php?rest_route=\/wp\/v2\/posts\/1258","targetHints":{"allow":["GET"]}}],"collection":[{"href":"https:\/\/hoergeschaedigte-ulm.de\/index.php?rest_route=\/wp\/v2\/posts"}],"about":[{"href":"https:\/\/hoergeschaedigte-ulm.de\/index.php?rest_route=\/wp\/v2\/types\/post"}],"author":[{"embeddable":true,"href":"https:\/\/hoergeschaedigte-ulm.de\/index.php?rest_route=\/wp\/v2\/users\/1"}],"replies":[{"embeddable":true,"href":"https:\/\/hoergeschaedigte-ulm.de\/index.php?rest_route=%2Fwp%2Fv2%2Fcomments&post=1258"}],"version-history":[{"count":2,"href":"https:\/\/hoergeschaedigte-ulm.de\/index.php?rest_route=\/wp\/v2\/posts\/1258\/revisions"}],"predecessor-version":[{"id":1261,"href":"https:\/\/hoergeschaedigte-ulm.de\/index.php?rest_route=\/wp\/v2\/posts\/1258\/revisions\/1261"}],"wp:featuredmedia":[{"embeddable":true,"href":"https:\/\/hoergeschaedigte-ulm.de\/index.php?rest_route=\/wp\/v2\/media\/1259"}],"wp:attachment":[{"href":"https:\/\/hoergeschaedigte-ulm.de\/index.php?rest_route=%2Fwp%2Fv2%2Fmedia&parent=1258"}],"wp:term":[{"taxonomy":"category","embeddable":true,"href":"https:\/\/hoergeschaedigte-ulm.de\/index.php?rest_route=%2Fwp%2Fv2%2Fcategories&post=1258"},{"taxonomy":"post_tag","embeddable":true,"href":"https:\/\/hoergeschaedigte-ulm.de\/index.php?rest_route=%2Fwp%2Fv2%2Ftags&post=1258"}],"curies":[{"name":"wp","href":"https:\/\/api.w.org\/{rel}","templated":true}]}}